{"id":173,"date":"2021-02-08T16:19:00","date_gmt":"2021-02-08T16:19:00","guid":{"rendered":"https:\/\/demo.harutheme.com\/circle\/?p=173"},"modified":"2025-02-02T09:56:15","modified_gmt":"2025-02-02T09:56:15","slug":"kammerspiele-seeb-achtsam-morden-2","status":"publish","type":"post","link":"https:\/\/www.philippmalbec.ch\/cms\/2021\/02\/08\/kammerspiele-seeb-achtsam-morden-2\/","title":{"rendered":"Kammerspiele Seeb 2024 &#8211; Achtsam morden -Krimi Kom\u00f6die von Bernd Schmidt nach dem Bestseller von Karsten Dusse"},"content":{"rendered":"<h3><strong>Krimi Kom\u00f6die in zwei Akten von Bernd Schmidt<br \/>\n<\/strong><\/h3>\n<p>Von seiner Frau gezwungen muss der erfolgreiche Rechtsanwalt Bj\u00f6rn Diemel ein Achtsamkeits-Seminar besuchen, um seine Ehe zu retten und sich als guter Vater zu beweisen. Das Seminar tr\u00e4gt Fr\u00fcchte und Bj\u00f6rn kann das Gelernte sogar in seinem Job anwenden. Als sein brutaler und mehr als schuldiger Mandant Dragan S. beginnt ihm Probleme zu bereiten, beschliesst Bj\u00f6rn diesen aus dem Weg zu schaffen &#8211; und zwar ganz nach den Regeln der Achtsamkeit.<br \/>\nIn dieser m\u00f6rderischen Kom\u00f6die rotieren drei Darsteller in 19 Rollen und sind h\u00f6chst achtsam bem\u00fcht, der rasanten Geschichte entschleunigt auf den Fersen zu bleiben. Ihnen gelingt dabei eine humorexplosive Mischung aus Wellnessurlaub und Mordsvergn\u00fcgen.<\/p>\n<blockquote><p><strong>Kammerspiele Seeb<\/strong><br \/>\nZ\u00fcrichstrasse 16<br \/>\n8184 Bachenb\u00fclach<br \/>\n044 860 71 47<br \/>\n<a href=\"mailto:info@kammerspiele.ch\" target=\"_blank\" rel=\"noopener\">info@kammerspiele.ch<\/a><\/p>\n<p><strong>Spielplan &amp; Karten<\/strong><br \/>\n<a href=\"https:\/\/www.kammerspiele.ch\/spielplan?&amp;fprod=50&amp;ftype=0\" target=\"_blank\" rel=\"noopener\">https:\/\/www.kammerspiele.ch\/spielplan<\/a><\/p><\/blockquote>\n<h3><strong>Die Kammerspiele Seeb &#8220;Herzlich Willkommen in unserem Theater!&#8221;<\/strong><\/h3>\n<div class=\"video-responsive\"><iframe loading=\"lazy\" src=\"https:\/\/www.youtube.com\/embed\/PLMF2lgEG8A\" width=\"840\" height=\"540\" frameborder=\"0\" allowfullscreen=\"allowfullscreen\"><\/iframe><\/div>\n","protected":false},"excerpt":{"rendered":"<p>Krimi Kom\u00f6die in zwei Akten von Bernd Schmidt Von seiner Frau gezwungen muss der erfolgreiche Rechtsanwalt Bj\u00f6rn Diemel ein Achtsamkeits-Seminar besuchen, um seine Ehe zu retten und sich als guter Vater zu beweisen. Das Seminar tr\u00e4gt Fr\u00fcchte und Bj\u00f6rn kann das Gelernte sogar in seinem Job anwenden. Als sein brutaler und mehr als schuldiger Mandant [&hellip;]<\/p>\n","protected":false},"author":2,"featured_media":0,"comment_status":"closed","ping_status":"open","sticky":false,"template":"","format":"image","meta":{"footnotes":""},"categories":[1],"tags":[83,82,81,77],"class_list":["post-173","post","type-post","status-publish","format-image","hentry","category-allgemein","tag-der-tag-an-dem-der-papst-gekidnappt-wurde","tag-joao-bethencourt","tag-kammerspiele-seeb","tag-theater","post_format-post-format-image","clearfix"],"yoast_head":"<!-- This site is optimized with the Yoast SEO plugin v16.2 - https:\/\/yoast.com\/wordpress\/plugins\/seo\/ -->\n<title>Kammerspiele Seeb<\/title>\n<meta name=\"description\" content=\"Der Tag an dem der Papst gekidnappt wurde von Jo\u00e3o Bethencourt\" \/>\n<meta name=\"robots\" content=\"index, follow, max-snippet:-1, max-image-preview:large, max-video-preview:-1\" \/>\n<link rel=\"canonical\" href=\"https:\/\/www.philippmalbec.ch\/cms\/2021\/02\/08\/kammerspiele-seeb-achtsam-morden-2\/\" \/>\n<meta property=\"og:locale\" content=\"de_DE\" \/>\n<meta property=\"og:type\" content=\"article\" \/>\n<meta property=\"og:title\" content=\"Kammerspiele Seeb\" \/>\n<meta property=\"og:description\" content=\"Der Tag an dem der Papst gekidnappt wurde von Jo\u00e3o Bethencourt\" \/>\n<meta property=\"og:url\" content=\"https:\/\/www.philippmalbec.ch\/cms\/2021\/02\/08\/kammerspiele-seeb-achtsam-morden-2\/\" \/>\n<meta property=\"og:site_name\" content=\"Philipp Malbec\" \/>\n<meta property=\"article:published_time\" content=\"2021-02-08T16:19:00+00:00\" \/>\n<meta property=\"article:modified_time\" content=\"2025-02-02T09:56:15+00:00\" \/>\n<meta name=\"twitter:card\" content=\"summary_large_image\" \/>\n<meta name=\"twitter:label1\" content=\"Est. reading time\">\n\t<meta name=\"twitter:data1\" content=\"1 Minute\">\n<script type=\"application\/ld+json\" class=\"yoast-schema-graph\">{\"@context\":\"https:\/\/schema.org\",\"@graph\":[{\"@type\":\"WebSite\",\"@id\":\"https:\/\/www.philippmalbec.ch\/cms\/#website\",\"url\":\"https:\/\/www.philippmalbec.ch\/cms\/\",\"name\":\"Philipp Malbec\",\"description\":\"Schauspieler &amp; Sprecher\",\"publisher\":{\"@id\":\"https:\/\/www.philippmalbec.ch\/cms\/#\/schema\/person\/e2bf991fcb08e0c762a188f1a356bce3\"},\"potentialAction\":[{\"@type\":\"SearchAction\",\"target\":\"https:\/\/www.philippmalbec.ch\/cms\/?s={search_term_string}\",\"query-input\":\"required name=search_term_string\"}],\"inLanguage\":\"de-CH\"},{\"@type\":\"WebPage\",\"@id\":\"https:\/\/www.philippmalbec.ch\/cms\/2021\/02\/08\/kammerspiele-seeb-achtsam-morden-2\/#webpage\",\"url\":\"https:\/\/www.philippmalbec.ch\/cms\/2021\/02\/08\/kammerspiele-seeb-achtsam-morden-2\/\",\"name\":\"Kammerspiele Seeb\",\"isPartOf\":{\"@id\":\"https:\/\/www.philippmalbec.ch\/cms\/#website\"},\"datePublished\":\"2021-02-08T16:19:00+00:00\",\"dateModified\":\"2025-02-02T09:56:15+00:00\",\"description\":\"Der Tag an dem der Papst gekidnappt wurde von Jo\\u00e3o Bethencourt\",\"breadcrumb\":{\"@id\":\"https:\/\/www.philippmalbec.ch\/cms\/2021\/02\/08\/kammerspiele-seeb-achtsam-morden-2\/#breadcrumb\"},\"inLanguage\":\"de-CH\",\"potentialAction\":[{\"@type\":\"ReadAction\",\"target\":[\"https:\/\/www.philippmalbec.ch\/cms\/2021\/02\/08\/kammerspiele-seeb-achtsam-morden-2\/\"]}]},{\"@type\":\"BreadcrumbList\",\"@id\":\"https:\/\/www.philippmalbec.ch\/cms\/2021\/02\/08\/kammerspiele-seeb-achtsam-morden-2\/#breadcrumb\",\"itemListElement\":[{\"@type\":\"ListItem\",\"position\":1,\"item\":{\"@type\":\"WebPage\",\"@id\":\"https:\/\/www.philippmalbec.ch\/cms\/\",\"url\":\"https:\/\/www.philippmalbec.ch\/cms\/\",\"name\":\"Home\"}},{\"@type\":\"ListItem\",\"position\":2,\"item\":{\"@id\":\"https:\/\/www.philippmalbec.ch\/cms\/2021\/02\/08\/kammerspiele-seeb-achtsam-morden-2\/#webpage\"}}]},{\"@type\":\"Article\",\"@id\":\"https:\/\/www.philippmalbec.ch\/cms\/2021\/02\/08\/kammerspiele-seeb-achtsam-morden-2\/#article\",\"isPartOf\":{\"@id\":\"https:\/\/www.philippmalbec.ch\/cms\/2021\/02\/08\/kammerspiele-seeb-achtsam-morden-2\/#webpage\"},\"author\":{\"@id\":\"https:\/\/www.philippmalbec.ch\/cms\/#\/schema\/person\/e2bf991fcb08e0c762a188f1a356bce3\"},\"headline\":\"Kammerspiele Seeb 2024 &#8211; Achtsam morden -Krimi Kom\\u00f6die von Bernd Schmidt nach dem Bestseller von Karsten Dusse\",\"datePublished\":\"2021-02-08T16:19:00+00:00\",\"dateModified\":\"2025-02-02T09:56:15+00:00\",\"mainEntityOfPage\":{\"@id\":\"https:\/\/www.philippmalbec.ch\/cms\/2021\/02\/08\/kammerspiele-seeb-achtsam-morden-2\/#webpage\"},\"publisher\":{\"@id\":\"https:\/\/www.philippmalbec.ch\/cms\/#\/schema\/person\/e2bf991fcb08e0c762a188f1a356bce3\"},\"keywords\":[\"Der Tag an dem der Papst gekidnappt wurde\",\"Jo\\u00e3o Bethencourt\",\"Kammerspiele Seeb\",\"Theater\"],\"inLanguage\":\"de-CH\"},{\"@type\":[\"Person\",\"Organization\"],\"@id\":\"https:\/\/www.philippmalbec.ch\/cms\/#\/schema\/person\/e2bf991fcb08e0c762a188f1a356bce3\",\"name\":\"Philipp Malbec\",\"image\":{\"@type\":\"ImageObject\",\"@id\":\"https:\/\/www.philippmalbec.ch\/cms\/#personlogo\",\"inLanguage\":\"de-CH\",\"url\":\"https:\/\/www.philippmalbec.ch\/cms\/wp-content\/uploads\/2021\/03\/avatar.jpg\",\"contentUrl\":\"https:\/\/www.philippmalbec.ch\/cms\/wp-content\/uploads\/2021\/03\/avatar.jpg\",\"caption\":\"Philipp Malbec\"},\"logo\":{\"@id\":\"https:\/\/www.philippmalbec.ch\/cms\/#personlogo\"},\"sameAs\":[\"https:\/\/philippmalbec.ch\"]}]}<\/script>\n<!-- \/ Yoast SEO plugin. -->","_links":{"self":[{"href":"https:\/\/www.philippmalbec.ch\/cms\/wp-json\/wp\/v2\/posts\/173","targetHints":{"allow":["GET"]}}],"collection":[{"href":"https:\/\/www.philippmalbec.ch\/cms\/wp-json\/wp\/v2\/posts"}],"about":[{"href":"https:\/\/www.philippmalbec.ch\/cms\/wp-json\/wp\/v2\/types\/post"}],"author":[{"embeddable":true,"href":"https:\/\/www.philippmalbec.ch\/cms\/wp-json\/wp\/v2\/users\/2"}],"replies":[{"embeddable":true,"href":"https:\/\/www.philippmalbec.ch\/cms\/wp-json\/wp\/v2\/comments?post=173"}],"version-history":[{"count":22,"href":"https:\/\/www.philippmalbec.ch\/cms\/wp-json\/wp\/v2\/posts\/173\/revisions"}],"predecessor-version":[{"id":3013,"href":"https:\/\/www.philippmalbec.ch\/cms\/wp-json\/wp\/v2\/posts\/173\/revisions\/3013"}],"wp:attachment":[{"href":"https:\/\/www.philippmalbec.ch\/cms\/wp-json\/wp\/v2\/media?parent=173"}],"wp:term":[{"taxonomy":"category","embeddable":true,"href":"https:\/\/www.philippmalbec.ch\/cms\/wp-json\/wp\/v2\/categories?post=173"},{"taxonomy":"post_tag","embeddable":true,"href":"https:\/\/www.philippmalbec.ch\/cms\/wp-json\/wp\/v2\/tags?post=173"}],"curies":[{"name":"wp","href":"https:\/\/api.w.org\/{rel}","templated":true}]}}